{"id":4334,"date":"2022-04-24T20:00:47","date_gmt":"2022-04-24T16:00:47","guid":{"rendered":"https:\/\/alov.az\/?p=4334"},"modified":"2024-02-10T11:06:45","modified_gmt":"2024-02-10T07:06:45","slug":"mehriban-eliyeva-pasxa-bayramini-tebrik-edib","status":"publish","type":"post","link":"https:\/\/xilasinyolu.online\/ru\/mehriban-eliyeva-pasxa-bayramini-tebrik-edib\/","title":{"rendered":"Mehriban \u018fliyeva xristian icmas\u0131n\u0131 t\u0259brik etdi"},"content":{"rendered":"<h5><strong>Birinci vitse-prezident Mehriban \u018fliyeva Az\u0259rbaycan\u0131n xristian icmas\u0131n\u0131 m\u00fcq\u0259dd\u0259s Pasxa bayram\u0131 m\u00fcnasib\u0259til\u0259 t\u0259brik edib.<\/strong><\/h5>\n<p><!--more--><\/p>\n<p>\u201cAz\u0259rbaycan\u0131n b\u00fct\u00fcn xristian icmas\u0131n\u0131 m\u00fcq\u0259dd\u0259s Pasxa bayram\u0131 m\u00fcnasib\u0259til\u0259 s\u0259mimi-q\u0259lbd\u0259n t\u0259brik edir\u0259m! Ham\u0131ya m\u00f6hk\u0259m cansa\u011fl\u0131\u011f\u0131, xo\u015f duy\u011fular v\u0259 uzun \u00f6m\u00fcr arzulay\u0131ram! Qoy h\u0259r bir Az\u0259rbaycan v\u0259t\u0259nda\u015f\u0131n\u0131n h\u0259yat\u0131nda nurlu, xo\u015fb\u0259xt g\u00fcnl\u0259rin say\u0131 \u00e7ox olsun! Uca Tanr\u0131 bu m\u00fcbar\u0259k bayram g\u00fcnl\u0259rind\u0259 edil\u0259n b\u00fct\u00fcn dualar\u0131 q\u0259bul etsin!\u201d<\/p>\n<div id='gallery-1' class='gallery galleryid-4334 gallery-columns-2 gallery-size-medium'><figure class='gallery-item'>\n\t\t\t<div class='gallery-icon landscape'>\n\t\t\t\t<a title=\"vitse-prezident Mehriban \u018fliyeva\" href='https:\/\/xilasinyolu.online\/wp-content\/uploads\/2022\/04\/278570342_529627155197937_6252437766014357734_n.jpg'><img fetchpriority=\"high\" decoding=\"async\" width=\"300\" height=\"300\" src=\"https:\/\/xilasinyolu.online\/wp-content\/uploads\/2022\/04\/278570342_529627155197937_6252437766014357734_n-300x300.jpg\" class=\"attachment-medium size-medium\" alt=\"vitse-prezident Mehriban \u018fliyeva\" aria-describedby=\"gallery-1-4336\" srcset=\"https:\/\/xilasinyolu.online\/wp-content\/uploads\/2022\/04\/278570342_529627155197937_6252437766014357734_n-300x300.jpg 300w, https:\/\/xilasinyolu.online\/wp-content\/uploads\/2022\/04\/278570342_529627155197937_6252437766014357734_n-150x150.jpg 150w, https:\/\/xilasinyolu.online\/wp-content\/uploads\/2022\/04\/278570342_529627155197937_6252437766014357734_n-370x370.jpg 370w, https:\/\/xilasinyolu.online\/wp-content\/uploads\/2022\/04\/278570342_529627155197937_6252437766014357734_n-70x70.jpg 70w, https:\/\/xilasinyolu.online\/wp-content\/uploads\/2022\/04\/278570342_529627155197937_6252437766014357734_n-407x407.jpg 407w, https:\/\/xilasinyolu.online\/wp-content\/uploads\/2022\/04\/278570342_529627155197937_6252437766014357734_n.jpg 600w\" sizes=\"(max-width: 300px) 100vw, 300px\" \/><\/a>\n\t\t\t<\/div>\n\t\t\t\t<figcaption class='wp-caption-text gallery-caption' id='gallery-1-4336'>\n\t\t\t\txristian icmas\u0131\n\t\t\t\t<\/figcaption><\/figure><figure class='gallery-item'>\n\t\t\t<div class='gallery-icon landscape'>\n\t\t\t\t<a title=\"Az\u0259rbaycan\u0131n xristian icmas\u0131\" href='https:\/\/xilasinyolu.online\/wp-content\/uploads\/2022\/04\/278503078_529627211864598_8133765547920055821_n.jpg'><img decoding=\"async\" width=\"300\" height=\"300\" src=\"https:\/\/xilasinyolu.online\/wp-content\/uploads\/2022\/04\/278503078_529627211864598_8133765547920055821_n-300x300.jpg\" class=\"attachment-medium size-medium\" alt=\"Az\u0259rbaycan\u0131n xristian icmas\u0131\" aria-describedby=\"gallery-1-4335\" srcset=\"https:\/\/xilasinyolu.online\/wp-content\/uploads\/2022\/04\/278503078_529627211864598_8133765547920055821_n-300x300.jpg 300w, https:\/\/xilasinyolu.online\/wp-content\/uploads\/2022\/04\/278503078_529627211864598_8133765547920055821_n-150x150.jpg 150w, https:\/\/xilasinyolu.online\/wp-content\/uploads\/2022\/04\/278503078_529627211864598_8133765547920055821_n-768x768.jpg 768w, https:\/\/xilasinyolu.online\/wp-content\/uploads\/2022\/04\/278503078_529627211864598_8133765547920055821_n-370x370.jpg 370w, https:\/\/xilasinyolu.online\/wp-content\/uploads\/2022\/04\/278503078_529627211864598_8133765547920055821_n-70x70.jpg 70w, https:\/\/xilasinyolu.online\/wp-content\/uploads\/2022\/04\/278503078_529627211864598_8133765547920055821_n-760x760.jpg 760w, https:\/\/xilasinyolu.online\/wp-content\/uploads\/2022\/04\/278503078_529627211864598_8133765547920055821_n-407x407.jpg 407w, https:\/\/xilasinyolu.online\/wp-content\/uploads\/2022\/04\/278503078_529627211864598_8133765547920055821_n.jpg 960w\" sizes=\"(max-width: 300px) 100vw, 300px\" \/><\/a>\n\t\t\t<\/div>\n\t\t\t\t<figcaption class='wp-caption-text gallery-caption' id='gallery-1-4335'>\n\t\t\t\tm\u00fcq\u0259dd\u0259s Pasxa bayram\u0131 \n\t\t\t\t<\/figcaption><\/figure>\n\t\t<\/div>\n\n<p>&nbsp;<\/p>\n<p>&nbsp;<\/p>","protected":false},"excerpt":{"rendered":"<p>Birinci vitse-prezident Mehriban \u018fliyeva Az\u0259rbaycan\u0131n xristian icmas\u0131n\u0131 m\u00fcq\u0259dd\u0259s Pasxa bayram\u0131 m\u00fcnasib\u0259til\u0259 t\u0259brik edib.<\/p>","protected":false},"author":3,"featured_media":6259,"comment_status":"closed","ping_status":"open","sticky":false,"template":"elementor_header_footer","format":"standard","meta":{"give_campaign_id":0,"_price":"","_stock":"","_tribe_ticket_header":"","_tribe_default_ticket_provider":"","_ticket_start_date":"","_ticket_end_date":"","_tribe_ticket_show_description":"","_tribe_ticket_show_not_going":false,"_tribe_ticket_use_global_stock":"","_tribe_ticket_global_stock_level":"","_global_stock_mode":"","_global_stock_cap":"","_tribe_rsvp_for_event":"","_tribe_ticket_going_count":"","_tribe_ticket_not_going_count":"","_tribe_tickets_list":"[]","_tribe_ticket_has_attendee_info_fields":false,"footnotes":""},"categories":[1],"tags":[117,124,115,114,131,130,121,133,132,134,127,129,116,118,125,119,120,128,123,122,126],"class_list":["post-4334","post","type-post","status-publish","format-standard","has-post-thumbnail","hentry","category-xeberler-postlar","tag-azrbaycanin-butun-xristian-icmasi","tag-azrbaycan-vtndasi","tag-azrbaycanin-xristian-icmasi","tag-birinci-vitse-prezident-mehriban-liyeva","tag-butun-dualar","tag-butun-dualari","tag-cansagligi","tag-dua","tag-dualar","tag-dualari-qbul-etsin","tag-gunlr","tag-mubark-bayram-gunlri","tag-muqdds-pasxa-bayrami","tag-muqdds-pasxa-bayrami-munasibtil","tag-nurlu","tag-smimi-qlb","tag-tbrik","tag-uca-tanri","tag-uzun-omur","tag-xos-duygular","tag-xosbxt"],"_links":{"self":[{"href":"https:\/\/xilasinyolu.online\/ru\/wp-json\/wp\/v2\/posts\/4334","targetHints":{"allow":["GET"]}}],"collection":[{"href":"https:\/\/xilasinyolu.online\/ru\/wp-json\/wp\/v2\/posts"}],"about":[{"href":"https:\/\/xilasinyolu.online\/ru\/wp-json\/wp\/v2\/types\/post"}],"author":[{"embeddable":true,"href":"https:\/\/xilasinyolu.online\/ru\/wp-json\/wp\/v2\/users\/3"}],"replies":[{"embeddable":true,"href":"https:\/\/xilasinyolu.online\/ru\/wp-json\/wp\/v2\/comments?post=4334"}],"version-history":[{"count":6,"href":"https:\/\/xilasinyolu.online\/ru\/wp-json\/wp\/v2\/posts\/4334\/revisions"}],"predecessor-version":[{"id":7199,"href":"https:\/\/xilasinyolu.online\/ru\/wp-json\/wp\/v2\/posts\/4334\/revisions\/7199"}],"wp:featuredmedia":[{"embeddable":true,"href":"https:\/\/xilasinyolu.online\/ru\/wp-json\/wp\/v2\/media\/6259"}],"wp:attachment":[{"href":"https:\/\/xilasinyolu.online\/ru\/wp-json\/wp\/v2\/media?parent=4334"}],"wp:term":[{"taxonomy":"category","embeddable":true,"href":"https:\/\/xilasinyolu.online\/ru\/wp-json\/wp\/v2\/categories?post=4334"},{"taxonomy":"post_tag","embeddable":true,"href":"https:\/\/xilasinyolu.online\/ru\/wp-json\/wp\/v2\/tags?post=4334"}],"curies":[{"name":"wp","href":"https:\/\/api.w.org\/{rel}","templated":true}]}}