{"id":6250,"date":"2022-06-18T20:00:39","date_gmt":"2022-06-18T16:00:39","guid":{"rendered":"https:\/\/alov.az\/?p=6250"},"modified":"2024-02-10T11:06:45","modified_gmt":"2024-02-10T07:06:45","slug":"oguzda-azerbaycanciliq-dini-hemreylik-ve-birgeyasayisin-qaranti-movzusunda-konfrans-kecirilib","status":"publish","type":"post","link":"https:\/\/xilasinyolu.online\/ru\/oguzda-azerbaycanciliq-dini-hemreylik-ve-birgeyasayisin-qaranti-movzusunda-konfrans-kecirilib\/","title":{"rendered":"O\u011fuzda &#8220;Az\u0259rbaycan\u00e7\u0131l\u0131q: dini h\u0259mr\u0259ylik v\u0259 birg\u0259ya\u015fay\u0131\u015f\u0131n qarant\u0131&#8221; m\u00f6vzusunda konfrans ke\u00e7irilib"},"content":{"rendered":"<p><img fetchpriority=\"high\" decoding=\"async\" class=\"size-medium wp-image-6252 alignleft\" src=\"https:\/\/xilasinyolu.online\/wp-content\/uploads\/2022\/06\/77ac26e3566570ca0f37eab715645449-300x200.jpg\" alt=\"Dini Qurumlarla \u0130\u015f \u00fczr\u0259 D\u00f6vl\u0259t Komit\u0259si\" width=\"300\" height=\"200\" srcset=\"https:\/\/xilasinyolu.online\/wp-content\/uploads\/2022\/06\/77ac26e3566570ca0f37eab715645449-300x200.jpg 300w, https:\/\/xilasinyolu.online\/wp-content\/uploads\/2022\/06\/77ac26e3566570ca0f37eab715645449-768x512.jpg 768w, https:\/\/xilasinyolu.online\/wp-content\/uploads\/2022\/06\/77ac26e3566570ca0f37eab715645449-18x12.jpg 18w, https:\/\/xilasinyolu.online\/wp-content\/uploads\/2022\/06\/77ac26e3566570ca0f37eab715645449-370x247.jpg 370w, https:\/\/xilasinyolu.online\/wp-content\/uploads\/2022\/06\/77ac26e3566570ca0f37eab715645449-760x507.jpg 760w, https:\/\/xilasinyolu.online\/wp-content\/uploads\/2022\/06\/77ac26e3566570ca0f37eab715645449-407x271.jpg 407w, https:\/\/xilasinyolu.online\/wp-content\/uploads\/2022\/06\/77ac26e3566570ca0f37eab715645449.jpg 1024w\" sizes=\"(max-width: 300px) 100vw, 300px\" \/>Dini Qurumlarla \u0130\u015f \u00fczr\u0259 D\u00f6vl\u0259t Komit\u0259sinin (DQ\u0130DK) t\u0259\u015fkilat\u00e7\u0131l\u0131\u011f\u0131, Az\u0259rbaycan B\u0259hail\u0259r Dini M\u0259rk\u0259zinin t\u0259\u015f\u0259bb\u00fcs\u00fc il\u0259 \u00f6lk\u0259mizd\u0259 f\u0259aliyy\u0259t g\u00f6st\u0259r\u0259n m\u00fcs\u0259lman v\u0259 qeyri-m\u00fcs\u0259lman dini icmalar\u0131n n\u00fcmay\u0259nd\u0259l\u0259rinin Q\u0259b\u0259l\u0259 v\u0259 O\u011fuz rayonlar\u0131na s\u0259f\u0259ri t\u0259\u015fkil edilib. S\u0259f\u0259r \u00e7\u0259r\u00e7iv\u0259sind\u0259 iyunun 17-d\u0259 Q\u0259b\u0259l\u0259 rayonu Nic q\u0259s\u0259b\u0259sind\u0259ki M\u00fcq\u0259dd\u0259s Yelisey, M\u00fcq\u0259dd\u0259s M\u0259ry\u0259m Ana kils\u0259l\u0259ri, Az\u0259rbaycan Udi Oca\u011f\u0131, Yala\u011facl\u0131 m\u0259h\u0259ll\u0259 C\u00fcm\u0259 m\u0259scidi, eyni zamanda O\u011fuz rayon Yuxar\u0131 m\u0259h\u0259ll\u0259 sinaqoqu ziyar\u0259t edilib.<\/p>\n<p>\u0130yunun 18-d\u0259 is\u0259 O\u011fuz rayonunda &#8220;Az\u0259rbaycan\u00e7\u0131l\u0131q: dini h\u0259mr\u0259ylik v\u0259 birg\u0259ya\u015fay\u0131\u015f\u0131n qarant\u0131&#8221; m\u00f6vzusunda konfrans ke\u00e7irilib.<\/p>\n<p>\u00d6nc\u0259 Dini Qurumlarla \u0130\u015f \u00fczr\u0259 D\u00f6vl\u0259t Komit\u0259si tabeliyind\u0259 f\u0259aliyy\u0259t g\u00f6st\u0259r\u0259n M\u0259n\u0259vi D\u0259y\u0259rl\u0259rin T\u0259bli\u011fi Fondu t\u0259r\u0259find\u0259n haz\u0131rlanm\u0131\u015f &#8220;Heyd\u0259r \u018fliyev v\u0259 Az\u0259rbaycan\u00e7\u0131l\u0131q&#8221; filmi n\u00fcmayi\u015f olunub.<\/p>\n<p><img decoding=\"async\" class=\"size-medium wp-image-6251 alignleft\" src=\"https:\/\/xilasinyolu.online\/wp-content\/uploads\/2022\/06\/WhatsApp-Image-2022-06-18-at-12.18.53-300x225.jpeg\" alt=\"Dini Qurumlarla \u0130\u015f \u00fczr\u0259 D\u00f6vl\u0259t Komit\u0259si\" width=\"300\" height=\"225\" srcset=\"https:\/\/xilasinyolu.online\/wp-content\/uploads\/2022\/06\/WhatsApp-Image-2022-06-18-at-12.18.53-300x225.jpeg 300w, https:\/\/xilasinyolu.online\/wp-content\/uploads\/2022\/06\/WhatsApp-Image-2022-06-18-at-12.18.53-768x576.jpeg 768w, https:\/\/xilasinyolu.online\/wp-content\/uploads\/2022\/06\/WhatsApp-Image-2022-06-18-at-12.18.53-16x12.jpeg 16w, https:\/\/xilasinyolu.online\/wp-content\/uploads\/2022\/06\/WhatsApp-Image-2022-06-18-at-12.18.53-370x278.jpeg 370w, https:\/\/xilasinyolu.online\/wp-content\/uploads\/2022\/06\/WhatsApp-Image-2022-06-18-at-12.18.53-760x570.jpeg 760w, https:\/\/xilasinyolu.online\/wp-content\/uploads\/2022\/06\/WhatsApp-Image-2022-06-18-at-12.18.53-407x305.jpeg 407w, https:\/\/xilasinyolu.online\/wp-content\/uploads\/2022\/06\/WhatsApp-Image-2022-06-18-at-12.18.53.jpeg 1024w\" sizes=\"(max-width: 300px) 100vw, 300px\" \/>Konfrans\u0131 giri\u015f s\u00f6z\u00fc il\u0259 a\u00e7an O\u011fuz Rayon \u0130cra Hakimiyy\u0259tinin ba\u015f\u00e7\u0131s\u0131\u00a0Eyvaz Qurbanov\u00a0\u00f6lk\u0259mizd\u0259 h\u00f6km s\u00fcr\u0259n n\u00fcmun\u0259vi d\u00f6vl\u0259t-din m\u00fcnasib\u0259tl\u0259rinin y\u00fcks\u0259k s\u0259viyy\u0259d\u0259 quruldu\u011funu, bu sah\u0259d\u0259 \u00dcmummilli Lider Heyd\u0259r \u018fliyevin \u0259sas\u0131n\u0131 qoydu\u011fu az\u0259rbaycan\u00e7\u0131l\u0131q ideyas\u0131 fonunda birg\u0259ya\u015fay\u0131\u015f \u0259n\u0259n\u0259l\u0259rinin Prezident \u0130lham \u018fliyev t\u0259r\u0259find\u0259n u\u011furla davam etdirildiyini bildirib. Vur\u011fulay\u0131b ki, Az\u0259rbaycanda d\u00fcnyaya n\u00fcmun\u0259 ola bil\u0259c\u0259k tolerantl\u0131q m\u00f6vcuddur v\u0259 \u00f6lk\u0259mizd\u0259 m\u00fcxt\u0259lif dinl\u0259rin n\u00fcmay\u0259nd\u0259l\u0259ri azad \u015f\u0259raitd\u0259 ya\u015fay\u0131rlar.<\/p>\n<p>Dini Qurumlarla \u0130\u015f \u00fczr\u0259 D\u00f6vl\u0259t Komit\u0259sinin s\u0259dr m\u00fcavini S\u0259yavu\u015f Heyd\u0259rov konfrans\u0131n m\u00fcxt\u0259lif dinl\u0259r\u0259 etiqad ed\u0259n etnoslar\u0131n dini icmalar\u0131n\u0131n, kils\u0259, sinaqoq v\u0259 m\u0259scidl\u0259rin m\u00f6vcud oldu\u011fu, el\u0259c\u0259 d\u0259 m\u00fcxt\u0259lif azsayl\u0131 xalqlar\u0131n birg\u0259 ya\u015fad\u0131\u011f\u0131 regionlar\u0131m\u0131zdan biri olan O\u011fuz rayonunda ke\u00e7irilm\u0259sinin t\u0259sad\u00fcfi olmad\u0131\u011f\u0131n\u0131 bildirib. Komit\u0259 s\u0259drinin m\u00fcavini qeyd edib ki, m\u00fcst\u0259qilliyimizin ilk ill\u0259rin\u0259 t\u0259sad\u00fcf ed\u0259n xaosun, hakimiyy\u0259tsizliyin, h\u0259rc-m\u0259rcliyin ba\u015f al\u0131b getdiyi, erm\u0259ni t\u0259cav\u00fczkarl\u0131\u011f\u0131n\u0131n s\u00fcr\u0259tl\u0259 geni\u015fl\u0259ndiyi, separatizmin t\u00fc\u011fyan etdiyi, h\u0259m\u00e7inin dini z\u0259mind\u0259 ayr\u0131-se\u00e7kiliyin k\u00f6k sald\u0131\u011f\u0131, qeyri-\u0259n\u0259n\u0259vi dini c\u0259r\u0259yanlar\u0131n, idealogiyalar\u0131n yay\u0131lma\u011fa ba\u015flad\u0131\u011f\u0131 m\u00fcr\u0259kk\u0259b bir d\u00f6vrd\u0259 birl\u0259\u015fdirici v\u0259 uzaqg\u00f6r\u0259n ideologiyaya ehtiyac var idi. M\u0259hz bel\u0259 bir vaxtda \u00dcmummilli Liderin az\u0259rbaycan\u00e7\u0131l\u0131q ideologiyas\u0131n\u0131 \u0259rs\u0259y\u0259 g\u0259tir\u0259r\u0259k onu d\u00f6vl\u0259t ideologiyas\u0131na \u00e7evirm\u0259si q\u0131sa zaman k\u0259siyind\u0259 \u00f6lk\u0259mizd\u0259 sabitliyin b\u0259rq\u0259rar olmas\u0131n\u0131 t\u0259min etdi. S.Heyd\u0259rov, h\u0259m\u00e7inin milli oldu\u011fu q\u0259d\u0259r d\u0259 b\u0259\u015f\u0259ri, universal s\u0259ciyy\u0259 da\u015f\u0131yan az\u0259rbaycan\u00e7\u0131l\u0131q ideologiyas\u0131nda tolerantl\u0131q v\u0259 multikulturalizm amilin\u0259 toxunub. Bildirib ki, Ulu \u00d6nd\u0259r Heyd\u0259r \u018fliyevin az\u0259rbaycan\u00e7\u0131l\u0131q ideologiyas\u0131 \u00e7\u0259r\u00e7iv\u0259sind\u0259 formala\u015fd\u0131rd\u0131\u011f\u0131 siyas\u0259t\u00a0 bu g\u00fcn Az\u0259rbaycan\u0131 \u00f6z\u00fcn\u0259m\u0259xsus multikulturalizm, tolerantl\u0131q v\u0259 d\u00f6vl\u0259t-din m\u00fcnasib\u0259tl\u0259ri n\u00fcmun\u0259sinin u\u011furlu modeli kimi d\u00fcnyada tan\u0131d\u0131r.<\/p>\n<p><img decoding=\"async\" class=\"size-medium wp-image-6253 alignleft\" src=\"https:\/\/xilasinyolu.online\/wp-content\/uploads\/2022\/06\/WhatsApp-Image-2022-06-18-at-12.15.18-300x225.jpeg\" alt=\"Dini Qurumlarla \u0130\u015f \u00fczr\u0259 D\u00f6vl\u0259t Komit\u0259si\" width=\"300\" height=\"225\" srcset=\"https:\/\/xilasinyolu.online\/wp-content\/uploads\/2022\/06\/WhatsApp-Image-2022-06-18-at-12.15.18-300x225.jpeg 300w, https:\/\/xilasinyolu.online\/wp-content\/uploads\/2022\/06\/WhatsApp-Image-2022-06-18-at-12.15.18-768x576.jpeg 768w, https:\/\/xilasinyolu.online\/wp-content\/uploads\/2022\/06\/WhatsApp-Image-2022-06-18-at-12.15.18-16x12.jpeg 16w, https:\/\/xilasinyolu.online\/wp-content\/uploads\/2022\/06\/WhatsApp-Image-2022-06-18-at-12.15.18-370x278.jpeg 370w, https:\/\/xilasinyolu.online\/wp-content\/uploads\/2022\/06\/WhatsApp-Image-2022-06-18-at-12.15.18-760x570.jpeg 760w, https:\/\/xilasinyolu.online\/wp-content\/uploads\/2022\/06\/WhatsApp-Image-2022-06-18-at-12.15.18-407x305.jpeg 407w, https:\/\/xilasinyolu.online\/wp-content\/uploads\/2022\/06\/WhatsApp-Image-2022-06-18-at-12.15.18.jpeg 1024w\" sizes=\"(max-width: 300px) 100vw, 300px\" \/>Qafqaz M\u00fcs\u0259lmanlar\u0131 \u0130dar\u0259sinin \u015e\u0259ki-O\u011fuz b\u00f6lg\u0259si \u00fczr\u0259 qaz\u0131s\u0131\u00a0Kamran M\u0259mm\u0259dov\u00a0\u00f6z milli d\u0259y\u0259rl\u0259ri il\u0259 d\u00fcnyaya n\u00fcmun\u0259 olan Az\u0259rbaycanda y\u00fcks\u0259k d\u00f6vl\u0259t-din m\u00fcnasib\u0259tl\u0259rinin m\u00f6vcudlu\u011fundan, h\u0259r k\u0259sin vahid qarda\u015fl\u0131q, birg\u0259ya\u015fay\u0131\u015f \u015f\u0259raitind\u0259 ya\u015famas\u0131ndan dan\u0131\u015f\u0131b. Bildirib ki, d\u00f6vl\u0259t t\u0259r\u0259find\u0259n \u00f6lk\u0259mizd\u0259 f\u0259aliyy\u0259t g\u00f6st\u0259r\u0259n b\u00fct\u00fcn dini icmalara maddi v\u0259 m\u0259n\u0259vi d\u0259st\u0259k g\u00f6st\u0259rilir.<\/p>\n<p>Rus Pravoslav kils\u0259sinin Bak\u0131 v\u0259 Az\u0259rbaycan Yeparxiyas\u0131n\u0131n n\u00fcmay\u0259nd\u0259si Andrey Bezotosniy Az\u0259rbaycanda tarixboyu b\u00fct\u00fcn dinl\u0259rin n\u00fcmay\u0259nd\u0259l\u0259rinin harmoniya v\u0259 qarda\u015fl\u0131q m\u00fchitind\u0259 ya\u015fad\u0131qlar\u0131na diqq\u0259t \u00e7\u0259k\u0259r\u0259k d\u00f6vl\u0259tin bu sah\u0259y\u0259 x\u00fcsusi diqq\u0259t ay\u0131rmas\u0131ndan b\u0259hs edib. Heyd\u0259r \u018fliyev Fondu t\u0259r\u0259find\u0259n b\u00fct\u00fcn dinl\u0259r\u0259 m\u0259xsus tarixi-dini abid\u0259l\u0259rin, ziyar\u0259tgahlar\u0131n yenid\u0259n qurulmas\u0131n\u0131n v\u0259 yenil\u0259rinin tikilm\u0259sinin bunun bariz n\u00fcmun\u0259si oldu\u011funu qeyd edib.<\/p>\n<p><img loading=\"lazy\" decoding=\"async\" class=\"size-medium wp-image-6254 alignleft\" src=\"https:\/\/xilasinyolu.online\/wp-content\/uploads\/2022\/06\/WhatsApp-Image-2022-06-18-at-11.51.39-225x300.jpeg\" alt=\"Dini Qurumlarla \u0130\u015f \u00fczr\u0259 D\u00f6vl\u0259t Komit\u0259si\" width=\"225\" height=\"300\" srcset=\"https:\/\/xilasinyolu.online\/wp-content\/uploads\/2022\/06\/WhatsApp-Image-2022-06-18-at-11.51.39-225x300.jpeg 225w, https:\/\/xilasinyolu.online\/wp-content\/uploads\/2022\/06\/WhatsApp-Image-2022-06-18-at-11.51.39-9x12.jpeg 9w, https:\/\/xilasinyolu.online\/wp-content\/uploads\/2022\/06\/WhatsApp-Image-2022-06-18-at-11.51.39-370x493.jpeg 370w, https:\/\/xilasinyolu.online\/wp-content\/uploads\/2022\/06\/WhatsApp-Image-2022-06-18-at-11.51.39-760x1013.jpeg 760w, https:\/\/xilasinyolu.online\/wp-content\/uploads\/2022\/06\/WhatsApp-Image-2022-06-18-at-11.51.39-407x543.jpeg 407w, https:\/\/xilasinyolu.online\/wp-content\/uploads\/2022\/06\/WhatsApp-Image-2022-06-18-at-11.51.39.jpeg 768w\" sizes=\"(max-width: 225px) 100vw, 225px\" \/>Az\u0259rbaycan Respublikas\u0131n\u0131n Katolik kils\u0259sinin n\u00fcmay\u0259nd\u0259si\u00a0Toral A\u011fayev\u00a0dinl\u0259raras\u0131 s\u00fclh\u00fcn qorunmas\u0131 v\u0259 m\u00f6hk\u0259ml\u0259ndirilm\u0259si \u00fc\u00e7\u00fcn az\u0259rbaycan\u00e7\u0131l\u0131q ideologiyas\u0131n\u0131n \u0259h\u0259miyy\u0259ti, Az\u0259rbaycanda multikulturalizmin tarixi v\u0259 dini k\u00f6kl\u0259ri m\u00f6vzusunda m\u0259ruz\u0259 il\u0259 \u00e7\u0131x\u0131\u015f edib. D\u00fcnyada ba\u015f ver\u0259n milli v\u0259 dini z\u0259minli m\u00fcnaqi\u015f\u0259l\u0259rin fonunda \u00f6lk\u0259mizd\u0259 birg\u0259ya\u015fay\u0131\u015f m\u00fchitinin y\u00fcks\u0259k s\u0259viyy\u0259d\u0259 qorunmas\u0131ndan, dinl\u0259raras\u0131 v\u0259 konfessiyalararas\u0131 h\u0259mr\u0259yliyin d\u00f6vl\u0259t siyas\u0259tinin t\u0259rkib hiss\u0259si olmas\u0131ndan dan\u0131\u015f\u0131b. Vur\u011fulay\u0131b ki, bu g\u00fcn Az\u0259rbaycan Prezidenti \u0130lham \u018fliyev t\u0259r\u0259find\u0259n el\u0259 bir siyas\u0259t qurulub ki, bu siyas\u0259tin t\u0259m\u0259lind\u0259 h\u0259r bir insana veril\u0259n d\u0259y\u0259r dayan\u0131r. Az\u0259rbaycan xalq\u0131n\u0131n \u00f6z m\u00fcq\u0259dd\u0259rat\u0131n\u0131 h\u0259ll etdiyi 44 g\u00fcnl\u00fck V\u0259t\u0259n m\u00fcharib\u0259si d\u00f6n\u0259mind\u0259 d\u0259 dinind\u0259n, dilind\u0259n, milliyy\u0259tind\u0259n as\u0131l\u0131 olmayaraq b\u00fct\u00fcn dinl\u0259rin n\u00fcmay\u0259nd\u0259l\u0259ri bir yumruq kimi birl\u0259\u015fdi.<\/p>\n<p>Alban-udi xristian dini icmas\u0131n\u0131n s\u0259dri Robert Mobili dini v\u0259 milli m\u00fcxt\u0259lifliyin qar\u015f\u0131l\u0131ql\u0131 tan\u0131nmas\u0131n\u0131n v\u0259 f\u0259rqli m\u0259d\u0259niyy\u0259tl\u0259r\u0259, din m\u0259nsublar\u0131na h\u00f6rm\u0259tl\u0259 yana\u015f\u0131lmas\u0131n\u0131n insan h\u00fcquqlar\u0131n\u0131n m\u00fcdafi\u0259sinin t\u0259m\u0259l prinsipl\u0259rind\u0259n biri oldu\u011funu qeyd edib. Diqq\u0259t\u0259 \u00e7atd\u0131r\u0131b ki, m\u0259d\u0259ni m\u00fcxt\u0259lifliyin q\u0259bul edilm\u0259diyi, f\u0259rqli dinl\u0259rin n\u00fcmay\u0259nd\u0259l\u0259rinin ad\u0259t-\u0259n\u0259n\u0259l\u0259rin\u0259, h\u0259yat t\u0259rzin\u0259, \u0259qid\u0259 v\u0259 d\u00fc\u015f\u00fcnc\u0259l\u0259rin\u0259 ehtiram b\u0259sl\u0259nilm\u0259y\u0259n c\u0259miyy\u0259td\u0259 inki\u015fafa nail olmaq m\u00fcmk\u00fcn deyil. \u201cQlobolizasiya d\u00f6vr\u00fcnd\u0259 din m\u0259s\u0259l\u0259si m\u00fch\u00fcm amildir, bunun \u00fc\u00e7\u00fcn is\u0259 m\u00fchit \u00f6n\u0259mlidir. Bu g\u00fcn Az\u0259rbaycanda dini m\u00fcxt\u0259lifliyin, birg\u0259ya\u015fay\u0131\u015f\u0131n qorunub saxlan\u0131lmas\u0131 v\u0259 inki\u015faf\u0131 \u00fc\u00e7\u00fcn b\u00fct\u00fcn d\u00fcnyaya n\u00fcmun\u0259 say\u0131la bil\u0259c\u0259k m\u00fchit var\u201d-dey\u0259 R.Mobili \u0259lav\u0259 edib.<\/p>\n<p style=\"text-align: left;\">Daha sonra O\u011fuz \u015f\u0259h\u0259r Y\u0259hudi dini icmas\u0131n\u0131n s\u0259dri \u015eirin \u015euminov, <strong>Bak\u0131 \u015f\u0259h\u0259ri \u201cAlov\u201d xristian dini icmas\u0131n\u0131n s\u0259dri \u0130dris M\u0259mm\u0259dov<\/strong>, Qax rayonu \u201cM\u00fcq\u0259dd\u0259s Giorgi\u201d kils\u0259si g\u00fcrc\u00fc-pravoslav dini icmas\u0131n\u0131n s\u0259dri \u0130aqo Kasia\u015fvili, Az\u0259rbaycan B\u0259hail\u0259r Dini M\u0259rk\u0259zinin s\u0259dri Ramazan \u018fsg\u0259rov \u00e7\u0131x\u0131\u015flar\u0131nda m\u00f6vzunun \u0259h\u0259miyy\u0259tind\u0259n b\u0259hs ed\u0259r\u0259k, d\u00f6vl\u0259tin din xadiml\u0259rinin maddi t\u0259minat\u0131n\u0131n y\u00fcks\u0259ldilm\u0259si \u00fc\u00e7\u00fcn onlara maddi d\u0259st\u0259k verilm\u0259sinin Prezident \u0130lham \u018fliyev t\u0259r\u0259find\u0259n at\u0131lm\u0131\u015f uzaqg\u00f6r\u0259n, m\u0259ntiqli v\u0259 m\u00fct\u0259r\u0259qqi add\u0131m oldu\u011funu diqq\u0259t\u0259 \u00e7atd\u0131r\u0131blar.<\/p>\n\t\t\t<div \n\t\t\tclass=\"yotu-playlist yotuwp yotu-limit-min yotu-limit-max   yotu-thumb-169  yotu-template-grid\" \n\t\t\tdata-page=\"1\"\n\t\t\tid=\"yotuwp-69f722ce77226\"\n\t\t\tdata-yotu=\"69f722ce772f8\"\n\t\t\tdata-total=\"1\"\n\t\t\tdata-settings=\"eyJ0eXBlIjoidmlkZW9zIiwiaWQiOiJPVUJaMmpscjZOYyIsInBhZ2luYXRpb24iOiJvbiIsInBhZ2l0eXBlIjoibG9hZG1vcmUiLCJjb2x1bW4iOiIzIiwicGVyX3BhZ2UiOiIxMiIsInRlbXBsYXRlIjoiZ3JpZCIsInRpdGxlIjoib24iLCJkZXNjcmlwdGlvbiI6Im9uIiwidGh1bWJyYXRpbyI6IjE2OSIsIm1ldGEiOiJvZmYiLCJtZXRhX2RhdGEiOiJvZmYiLCJtZXRhX3Bvc2l0aW9uIjoib2ZmIiwiZGF0ZV9mb3JtYXQiOiJvZmYiLCJtZXRhX2FsaWduIjoib2ZmIiwic3Vic2NyaWJlIjoib2ZmIiwiZHVyYXRpb24iOiJvZmYiLCJtZXRhX2ljb24iOiJvZmYiLCJuZXh0dGV4dCI6IiIsInByZXZ0ZXh0IjoiIiwibG9hZG1vcmV0ZXh0IjoiIiwicGxheWVyIjp7Im1vZGUiOiJsYXJnZSIsIndpZHRoIjoiNjAwIiwic2Nyb2xsaW5nIjoiMTAwIiwiYXV0b3BsYXkiOjAsImNvbnRyb2xzIjoxLCJtb2Rlc3RicmFuZGluZyI6MSwibG9vcCI6MCwiYXV0b25leHQiOjAsInNob3dpbmZvIjoxLCJyZWwiOjEsInBsYXlpbmciOjAsInBsYXlpbmdfZGVzY3JpcHRpb24iOjAsInRodW1ibmFpbHMiOjAsImNjX2xvYWRfcG9saWN5IjoiMSIsImNjX2xhbmdfcHJlZiI6IjEiLCJobCI6IiIsIml2X2xvYWRfcG9saWN5IjoiMSJ9LCJsYXN0X3RhYiI6InNldHRpbmdzIiwidXNlX2FzX21vZGFsIjoib2ZmIiwibW9kYWxfaWQiOiJvZmYiLCJsYXN0X3VwZGF0ZSI6IjE2NTk2ODg3NDkiLCJzdHlsaW5nIjp7InBhZ2VyX2xheW91dCI6ImNlbnRlcl9ub190ZXh0IiwiYnV0dG9uIjoiMSIsImJ1dHRvbl9jb2xvciI6IiIsImJ1dHRvbl9iZ19jb2xvciI6IiIsImJ1dHRvbl9jb2xvcl9ob3ZlciI6IiIsImJ1dHRvbl9iZ19jb2xvcl9ob3ZlciI6IiIsInZpZGVvX3N0eWxlIjoiZ3BsdXMiLCJwbGF5aWNvbl9jb2xvciI6IiIsImhvdmVyX2ljb24iOiIiLCJnYWxsZXJ5X2JnIjoiIn0sImVmZmVjdHMiOnsidmlkZW9fYm94IjoieXRlZi1mbG9hdCIsImZsaXBfZWZmZWN0IjoiIn0sImdhbGxlcnlfaWQiOiI2OWY3MjJjZTc3MjI2In0=\"\n\t\t\tdata-player=\"large\"\n\t\t\tdata-showdesc=\"on\" >\n\t\t\t\t<div>\n\t\t\t\t\t\t\t\t\t\t<div class=\"yotu-wrapper-player\" style=\"width:600px\">\n\t\t\t\t\t\t\t\t\t\t\t\t<div class=\"yotu-player\">\n\t\t\t\t\t\t\t<div class=\"yotu-video-placeholder\" id=\"yotu-player-69f722ce772f8\"><\/div>\n\t\t\t\t\t\t<\/div>\n\t\t\t\t\t\t<div class=\"yotu-playing-status\"><\/div>\n\t\t\t\t\t\t\t\t\t\t\t<\/div>\n\n\t\t\t\t\t<div class=\"yotu-videos yotu-mode-grid yotu-preset yotu-preset-gplus yotu-column-3 yotu-player-mode-large\">\n\t<ul>\n\t\t\t\t\t<li class=\"yotu-first yotu-last\">\n\t\t\t\t\t\t\t\t<a href=\"#OUBZ2jlr6Nc\" class=\"yotu-video ytef-float\" data-videoid=\"OUBZ2jlr6Nc\" data-title=\"O\u011fuzda \u201cAz\u0259rbaycan\u00e7\u0131l\u0131q: dini h\u0259mr\u0259ylik v\u0259 birg\u0259ya\u015fay\u0131\u015f\u0131n qarant\u0131\u201d m\u00f6vzusunda konfrans ke\u00e7irilib.\" title=\"O\u011fuzda \u201cAz\u0259rbaycan\u00e7\u0131l\u0131q: dini h\u0259mr\u0259ylik v\u0259 birg\u0259ya\u015fay\u0131\u015f\u0131n qarant\u0131\u201d m\u00f6vzusunda konfrans ke\u00e7irilib.\">\n\t\t\t\t\t<div class=\"yotu-video-thumb-wrp\">\n\t\t\t\t\t\t<div>\n\t\t\t\t\t\t\t\t\t\t\t\t\t\t<img decoding=\"async\" class=\"yotu-video-thumb\" src=\"https:\/\/i.ytimg.com\/vi\/OUBZ2jlr6Nc\/sddefault.jpg\" alt=\"O\u011fuzda \u201cAz\u0259rbaycan\u00e7\u0131l\u0131q: dini h\u0259mr\u0259ylik v\u0259 birg\u0259ya\u015fay\u0131\u015f\u0131n qarant\u0131\u201d m\u00f6vzusunda konfrans ke\u00e7irilib.\">\t\n\t\t\t\t\t\t\t\t\t\t\t\t\t<\/div>\n\t\t\t\t\t<\/div>\n\t\t\t\t\t\t\t\t\t\t\t<h3 class=\"yotu-video-title\">O\u011fuzda \u201cAz\u0259rbaycan\u00e7\u0131l\u0131q: dini h\u0259mr\u0259ylik v\u0259 birg\u0259ya\u015fay\u0131\u015f\u0131n qarant\u0131\u201d m\u00f6vzusunda konfrans ke\u00e7irilib.<\/h3>\n\t\t\t\t\t\t\t\t\t\t\t\t\t\t\t\t\t\t\t\t\t<div class=\"yotu-video-description\"><\/div>\n\t\t\t\t\t\t\t\t\t<\/a>\n\t\t\t\t\t\t\t<\/li>\n\t\t\t\t\n\t\t\t\t<\/ul>\n<\/div><div class=\"yotu-pagination yotu-hide\">\n\t<a href=\"#\" class=\"yotu-pagination-more yotu-button-prs yotu-button-prs-1\" data-page=\"more\">\u0417\u0430\u0433\u0440\u0443\u0437\u0438\u0442\u044c \u0435\u0449\u0435<\/a>\n<\/div>\n\t\t\t\t<\/div>\n\t\t\t<\/div>\n\t\t\t\n\t\t\t<div \n\t\t\tclass=\"yotu-playlist yotuwp yotu-limit-min yotu-limit-max   yotu-thumb-169  yotu-template-grid\" \n\t\t\tdata-page=\"1\"\n\t\t\tid=\"yotuwp-69f722ce77735\"\n\t\t\tdata-yotu=\"69f722ce777ac\"\n\t\t\tdata-total=\"1\"\n\t\t\tdata-settings=\"eyJ0eXBlIjoidmlkZW9zIiwiaWQiOiJsU2RyTXdJY0RZYyIsInBhZ2luYXRpb24iOiJvbiIsInBhZ2l0eXBlIjoibG9hZG1vcmUiLCJjb2x1bW4iOiIzIiwicGVyX3BhZ2UiOiIxMiIsInRlbXBsYXRlIjoiZ3JpZCIsInRpdGxlIjoib24iLCJkZXNjcmlwdGlvbiI6Im9uIiwidGh1bWJyYXRpbyI6IjE2OSIsIm1ldGEiOiJvZmYiLCJtZXRhX2RhdGEiOiJvZmYiLCJtZXRhX3Bvc2l0aW9uIjoib2ZmIiwiZGF0ZV9mb3JtYXQiOiJvZmYiLCJtZXRhX2FsaWduIjoib2ZmIiwic3Vic2NyaWJlIjoib2ZmIiwiZHVyYXRpb24iOiJvZmYiLCJtZXRhX2ljb24iOiJvZmYiLCJuZXh0dGV4dCI6IiIsInByZXZ0ZXh0IjoiIiwibG9hZG1vcmV0ZXh0IjoiIiwicGxheWVyIjp7Im1vZGUiOiJsYXJnZSIsIndpZHRoIjoiNjAwIiwic2Nyb2xsaW5nIjoiMTAwIiwiYXV0b3BsYXkiOjAsImNvbnRyb2xzIjoxLCJtb2Rlc3RicmFuZGluZyI6MSwibG9vcCI6MCwiYXV0b25leHQiOjAsInNob3dpbmZvIjoxLCJyZWwiOjEsInBsYXlpbmciOjAsInBsYXlpbmdfZGVzY3JpcHRpb24iOjAsInRodW1ibmFpbHMiOjAsImNjX2xvYWRfcG9saWN5IjoiMSIsImNjX2xhbmdfcHJlZiI6IjEiLCJobCI6IiIsIml2X2xvYWRfcG9saWN5IjoiMSJ9LCJsYXN0X3RhYiI6InNldHRpbmdzIiwidXNlX2FzX21vZGFsIjoib2ZmIiwibW9kYWxfaWQiOiJvZmYiLCJsYXN0X3VwZGF0ZSI6IjE2NTk2ODg3NDkiLCJzdHlsaW5nIjp7InBhZ2VyX2xheW91dCI6ImNlbnRlcl9ub190ZXh0IiwiYnV0dG9uIjoiMSIsImJ1dHRvbl9jb2xvciI6IiIsImJ1dHRvbl9iZ19jb2xvciI6IiIsImJ1dHRvbl9jb2xvcl9ob3ZlciI6IiIsImJ1dHRvbl9iZ19jb2xvcl9ob3ZlciI6IiIsInZpZGVvX3N0eWxlIjoiZ3BsdXMiLCJwbGF5aWNvbl9jb2xvciI6IiIsImhvdmVyX2ljb24iOiIiLCJnYWxsZXJ5X2JnIjoiIn0sImVmZmVjdHMiOnsidmlkZW9fYm94IjoieXRlZi1mbG9hdCIsImZsaXBfZWZmZWN0IjoiIn0sImdhbGxlcnlfaWQiOiI2OWY3MjJjZTc3NzM1In0=\"\n\t\t\tdata-player=\"large\"\n\t\t\tdata-showdesc=\"on\" >\n\t\t\t\t<div>\n\t\t\t\t\t\t\t\t\t\t<div class=\"yotu-wrapper-player\" style=\"width:600px\">\n\t\t\t\t\t\t\t\t\t\t\t\t<div class=\"yotu-player\">\n\t\t\t\t\t\t\t<div class=\"yotu-video-placeholder\" id=\"yotu-player-69f722ce777ac\"><\/div>\n\t\t\t\t\t\t<\/div>\n\t\t\t\t\t\t<div class=\"yotu-playing-status\"><\/div>\n\t\t\t\t\t\t\t\t\t\t\t<\/div>\n\n\t\t\t\t\t<div class=\"yotu-videos yotu-mode-grid yotu-preset yotu-preset-gplus yotu-column-3 yotu-player-mode-large\">\n\t<ul>\n\t\t\t\t\t<li class=\"yotu-first yotu-last\">\n\t\t\t\t\t\t\t\t<a href=\"#lSdrMwIcDYc\" class=\"yotu-video ytef-float\" data-videoid=\"lSdrMwIcDYc\" data-title=\"\u0130dris M\u0259mm\u0259dov - Az\u0259rbaycan\u00e7\u0131l\u0131q: dini h\u0259mr\u0259ylik v\u0259 birg\u0259ya\u015fay\u0131\u015f\u0131n qarant\u0131\" title=\"\u0130dris M\u0259mm\u0259dov - Az\u0259rbaycan\u00e7\u0131l\u0131q: dini h\u0259mr\u0259ylik v\u0259 birg\u0259ya\u015fay\u0131\u015f\u0131n qarant\u0131\">\n\t\t\t\t\t<div class=\"yotu-video-thumb-wrp\">\n\t\t\t\t\t\t<div>\n\t\t\t\t\t\t\t\t\t\t\t\t\t\t<img decoding=\"async\" class=\"yotu-video-thumb\" src=\"https:\/\/i.ytimg.com\/vi\/lSdrMwIcDYc\/sddefault.jpg\" alt=\"\u0130dris M\u0259mm\u0259dov - Az\u0259rbaycan\u00e7\u0131l\u0131q: dini h\u0259mr\u0259ylik v\u0259 birg\u0259ya\u015fay\u0131\u015f\u0131n qarant\u0131\">\t\n\t\t\t\t\t\t\t\t\t\t\t\t\t<\/div>\n\t\t\t\t\t<\/div>\n\t\t\t\t\t\t\t\t\t\t\t<h3 class=\"yotu-video-title\">\u0130dris M\u0259mm\u0259dov - Az\u0259rbaycan\u00e7\u0131l\u0131q: dini h\u0259mr\u0259ylik v\u0259 birg\u0259ya\u015fay\u0131\u015f\u0131n qarant\u0131<\/h3>\n\t\t\t\t\t\t\t\t\t\t\t\t\t\t\t\t\t\t\t\t\t<div class=\"yotu-video-description\"><\/div>\n\t\t\t\t\t\t\t\t\t<\/a>\n\t\t\t\t\t\t\t<\/li>\n\t\t\t\t\n\t\t\t\t<\/ul>\n<\/div><div class=\"yotu-pagination yotu-hide\">\n\t<a href=\"#\" class=\"yotu-pagination-more yotu-button-prs yotu-button-prs-1\" data-page=\"more\">\u0417\u0430\u0433\u0440\u0443\u0437\u0438\u0442\u044c \u0435\u0449\u0435<\/a>\n<\/div>\n\t\t\t\t<\/div>\n\t\t\t<\/div>\n\t\t\t\n<p>&nbsp;<\/p>\n<p>&nbsp;<\/p>\n<p>&nbsp;<\/p>\n<p>&nbsp;<\/p>","protected":false},"excerpt":{"rendered":"<p>Dini Qurumlarla \u0130\u015f \u00fczr\u0259 D\u00f6vl\u0259t Komit\u0259sinin (DQ\u0130DK) t\u0259\u015fkilat\u00e7\u0131l\u0131\u011f\u0131, Az\u0259rbaycan B\u0259hail\u0259r Dini M\u0259rk\u0259zinin t\u0259\u015f\u0259bb\u00fcs\u00fc il\u0259 \u00f6lk\u0259mizd\u0259 f\u0259aliyy\u0259t g\u00f6st\u0259r\u0259n m\u00fcs\u0259lman v\u0259 qeyri-m\u00fcs\u0259lman dini icmalar\u0131n n\u00fcmay\u0259nd\u0259l\u0259rinin Q\u0259b\u0259l\u0259 v\u0259 O\u011fuz rayonlar\u0131na s\u0259f\u0259ri t\u0259\u015fkil edilib. S\u0259f\u0259r \u00e7\u0259r\u00e7iv\u0259sind\u0259 iyunun 17-d\u0259 Q\u0259b\u0259l\u0259 rayonu Nic q\u0259s\u0259b\u0259sind\u0259ki M\u00fcq\u0259dd\u0259s&hellip;<\/p>","protected":false},"author":3,"featured_media":6257,"comment_status":"closed","ping_status":"open","sticky":false,"template":"elementor_header_footer","format":"standard","meta":{"give_campaign_id":0,"_price":"","_stock":"","_tribe_ticket_header":"","_tribe_default_ticket_provider":"","_ticket_start_date":"","_ticket_end_date":"","_tribe_ticket_show_description":"","_tribe_ticket_show_not_going":false,"_tribe_ticket_use_global_stock":"","_tribe_ticket_global_stock_level":"","_global_stock_mode":"","_global_stock_cap":"","_tribe_rsvp_for_event":"","_tribe_ticket_going_count":"","_tribe_ticket_not_going_count":"","_tribe_tickets_list":"[]","_tribe_ticket_has_attendee_info_fields":false,"footnotes":""},"categories":[1],"tags":[],"class_list":["post-6250","post","type-post","status-publish","format-standard","has-post-thumbnail","hentry","category-xeberler-postlar"],"_links":{"self":[{"href":"https:\/\/xilasinyolu.online\/ru\/wp-json\/wp\/v2\/posts\/6250","targetHints":{"allow":["GET"]}}],"collection":[{"href":"https:\/\/xilasinyolu.online\/ru\/wp-json\/wp\/v2\/posts"}],"about":[{"href":"https:\/\/xilasinyolu.online\/ru\/wp-json\/wp\/v2\/types\/post"}],"author":[{"embeddable":true,"href":"https:\/\/xilasinyolu.online\/ru\/wp-json\/wp\/v2\/users\/3"}],"replies":[{"embeddable":true,"href":"https:\/\/xilasinyolu.online\/ru\/wp-json\/wp\/v2\/comments?post=6250"}],"version-history":[{"count":13,"href":"https:\/\/xilasinyolu.online\/ru\/wp-json\/wp\/v2\/posts\/6250\/revisions"}],"predecessor-version":[{"id":6270,"href":"https:\/\/xilasinyolu.online\/ru\/wp-json\/wp\/v2\/posts\/6250\/revisions\/6270"}],"wp:featuredmedia":[{"embeddable":true,"href":"https:\/\/xilasinyolu.online\/ru\/wp-json\/wp\/v2\/media\/6257"}],"wp:attachment":[{"href":"https:\/\/xilasinyolu.online\/ru\/wp-json\/wp\/v2\/media?parent=6250"}],"wp:term":[{"taxonomy":"category","embeddable":true,"href":"https:\/\/xilasinyolu.online\/ru\/wp-json\/wp\/v2\/categories?post=6250"},{"taxonomy":"post_tag","embeddable":true,"href":"https:\/\/xilasinyolu.online\/ru\/wp-json\/wp\/v2\/tags?post=6250"}],"curies":[{"name":"wp","href":"https:\/\/api.w.org\/{rel}","templated":true}]}}